{"id":7162,"date":"2025-10-27T09:20:38","date_gmt":"2025-10-27T09:20:38","guid":{"rendered":"https:\/\/instajuridic.com\/?p=7162"},"modified":"2025-10-27T09:20:38","modified_gmt":"2025-10-27T09:20:38","slug":"evento-de-cierre-del-proyecto-comunes","status":"publish","type":"post","link":"https:\/\/instajuridic.com\/es\/2025\/10\/27\/evento-de-cierre-del-proyecto-comunes\/","title":{"rendered":"Evento de cierre del Proyecto COMUNES"},"content":{"rendered":"<p>El pr\u00f3ximo 7 de noviembre de 2025 celebraremos en Madrid el evento de cierre del proyecto <strong>Proyecto COMUNES <\/strong>sobre Comunidades Energ\u00e9ticas Solidarias.<\/p>\n<p>Durante el encuentro presentaremos los principales resultados del proyecto, que ha desarrollado su trabajo en Catalu\u00f1a, Galicia y Extremadura, explorando c\u00f3mo promover comunidades energ\u00e9ticas con un enfoque solidario e inclusivo, capaces de integrar a personas en situaci\u00f3n de vulnerabilidad y exclusi\u00f3n, y contribuir a reducir la pobreza energ\u00e9tica.<\/p>\n<p>El evento incluir\u00e1 la presentaci\u00f3n de conclusiones y aprendizajes del proyecto, as\u00ed como dos mesas redondas con representantes regionales, estatales y del \u00e1mbito social, en un espacio de di\u00e1logo abierto sobre los retos y oportunidades para avanzar hacia una transici\u00f3n energ\u00e9tica m\u00e1s justa e inclusiva.<\/p>\n<p>Ser\u00e1 un espacio para compartir aprendizajes, reflexionar colectivamente y fortalecer alianzas hacia comunidades energ\u00e9ticas solidarias.<\/p>\n<p>El evento se realizar\u00e1 en Ecooo Energ\u00eda Ciudadana (C\/ Escuadra 11, Madrid).<\/p>\n<p>La participaci\u00f3n es gratuita, pero requiere inscripci\u00f3n previa aqu\u00ed: <a href=\"https:\/\/bit.ly\/CE-Solidarias\">https:\/\/bit.ly\/CE-Solidarias<\/a><\/p>\n<p>Les esperamos!<\/p>\n<p><img decoding=\"async\" class=\"aligncenter  wp-image-7163\" src=\"https:\/\/instajuridic.com\/wp-content\/uploads\/2025\/10\/1-212x300.png\" alt=\"\" width=\"367\" height=\"519\" srcset=\"https:\/\/instajuridic.com\/wp-content\/uploads\/2025\/10\/1-200x283.png 200w, https:\/\/instajuridic.com\/wp-content\/uploads\/2025\/10\/1-212x300.png 212w, https:\/\/instajuridic.com\/wp-content\/uploads\/2025\/10\/1-400x566.png 400w, https:\/\/instajuridic.com\/wp-content\/uploads\/2025\/10\/1-600x849.png 600w, https:\/\/instajuridic.com\/wp-content\/uploads\/2025\/10\/1-724x1024.png 724w, https:\/\/instajuridic.com\/wp-content\/uploads\/2025\/10\/1-768x1086.png 768w, https:\/\/instajuridic.com\/wp-content\/uploads\/2025\/10\/1-800x1132.png 800w, https:\/\/instajuridic.com\/wp-content\/uploads\/2025\/10\/1-1086x1536.png 1086w, https:\/\/instajuridic.com\/wp-content\/uploads\/2025\/10\/1-1200x1698.png 1200w, https:\/\/instajuridic.com\/wp-content\/uploads\/2025\/10\/1-1448x2048.png 1448w, https:\/\/instajuridic.com\/wp-content\/uploads\/2025\/10\/1.png 1587w\" sizes=\"(max-width: 367px) 100vw, 367px\" \/> <img decoding=\"async\" class=\"aligncenter  wp-image-7164\" src=\"https:\/\/instajuridic.com\/wp-content\/uploads\/2025\/10\/2-212x300.png\" alt=\"\" width=\"362\" height=\"512\" srcset=\"https:\/\/instajuridic.com\/wp-content\/uploads\/2025\/10\/2-200x283.png 200w, https:\/\/instajuridic.com\/wp-content\/uploads\/2025\/10\/2-212x300.png 212w, https:\/\/instajuridic.com\/wp-content\/uploads\/2025\/10\/2-400x566.png 400w, https:\/\/instajuridic.com\/wp-content\/uploads\/2025\/10\/2-600x849.png 600w, https:\/\/instajuridic.com\/wp-content\/uploads\/2025\/10\/2-724x1024.png 724w, https:\/\/instajuridic.com\/wp-content\/uploads\/2025\/10\/2-768x1086.png 768w, https:\/\/instajuridic.com\/wp-content\/uploads\/2025\/10\/2-800x1132.png 800w, https:\/\/instajuridic.com\/wp-content\/uploads\/2025\/10\/2-1086x1536.png 1086w, https:\/\/instajuridic.com\/wp-content\/uploads\/2025\/10\/2-1200x1698.png 1200w, https:\/\/instajuridic.com\/wp-content\/uploads\/2025\/10\/2-1448x2048.png 1448w, https:\/\/instajuridic.com\/wp-content\/uploads\/2025\/10\/2.png 1587w\" sizes=\"(max-width: 362px) 100vw, 362px\" \/> <img decoding=\"async\" class=\"aligncenter  wp-image-7165\" src=\"https:\/\/instajuridic.com\/wp-content\/uploads\/2025\/10\/3-212x300.png\" alt=\"\" width=\"362\" height=\"512\" srcset=\"https:\/\/instajuridic.com\/wp-content\/uploads\/2025\/10\/3-200x283.png 200w, https:\/\/instajuridic.com\/wp-content\/uploads\/2025\/10\/3-212x300.png 212w, https:\/\/instajuridic.com\/wp-content\/uploads\/2025\/10\/3-400x566.png 400w, https:\/\/instajuridic.com\/wp-content\/uploads\/2025\/10\/3-600x849.png 600w, https:\/\/instajuridic.com\/wp-content\/uploads\/2025\/10\/3-724x1024.png 724w, https:\/\/instajuridic.com\/wp-content\/uploads\/2025\/10\/3-768x1086.png 768w, https:\/\/instajuridic.com\/wp-content\/uploads\/2025\/10\/3-800x1132.png 800w, https:\/\/instajuridic.com\/wp-content\/uploads\/2025\/10\/3-1086x1536.png 1086w, https:\/\/instajuridic.com\/wp-content\/uploads\/2025\/10\/3-1200x1698.png 1200w, https:\/\/instajuridic.com\/wp-content\/uploads\/2025\/10\/3-1448x2048.png 1448w, https:\/\/instajuridic.com\/wp-content\/uploads\/2025\/10\/3.png 1587w\" sizes=\"(max-width: 362px) 100vw, 362px\" \/><\/p>\n","protected":false},"excerpt":{"rendered":"<p>El pr\u00f3ximo 7 de noviembre de 2025 celebraremos en Madrid el evento de cierre del proyecto Proyecto COMUNES sobre Comunidades Energ\u00e9ticas Solidarias. Durante el encuentro presentaremos los principales resultados del proyecto, que ha desarrollado su trabajo en Catalu\u00f1a, Galicia y Extremadura, explorando c\u00f3mo promover comunidades energ\u00e9ticas con un enfoque solidario e inclusivo, capaces de integrar  [&#8230;]<\/p>\n","protected":false},"author":2,"featured_media":7163,"comment_status":"closed","ping_status":"open","sticky":false,"template":"","format":"standard","meta":{"_acf_changed":false,"footnotes":""},"categories":[207,112],"tags":[],"class_list":["post-7162","post","type-post","status-publish","format-standard","has-post-thumbnail","hentry","category-energias-renovables","category-noticias"],"acf":[],"_links":{"self":[{"href":"https:\/\/instajuridic.com\/es\/wp-json\/wp\/v2\/posts\/7162","targetHints":{"allow":["GET"]}}],"collection":[{"href":"https:\/\/instajuridic.com\/es\/wp-json\/wp\/v2\/posts"}],"about":[{"href":"https:\/\/instajuridic.com\/es\/wp-json\/wp\/v2\/types\/post"}],"author":[{"embeddable":true,"href":"https:\/\/instajuridic.com\/es\/wp-json\/wp\/v2\/users\/2"}],"replies":[{"embeddable":true,"href":"https:\/\/instajuridic.com\/es\/wp-json\/wp\/v2\/comments?post=7162"}],"version-history":[{"count":2,"href":"https:\/\/instajuridic.com\/es\/wp-json\/wp\/v2\/posts\/7162\/revisions"}],"predecessor-version":[{"id":7167,"href":"https:\/\/instajuridic.com\/es\/wp-json\/wp\/v2\/posts\/7162\/revisions\/7167"}],"wp:featuredmedia":[{"embeddable":true,"href":"https:\/\/instajuridic.com\/es\/wp-json\/wp\/v2\/media\/7163"}],"wp:attachment":[{"href":"https:\/\/instajuridic.com\/es\/wp-json\/wp\/v2\/media?parent=7162"}],"wp:term":[{"taxonomy":"category","embeddable":true,"href":"https:\/\/instajuridic.com\/es\/wp-json\/wp\/v2\/categories?post=7162"},{"taxonomy":"post_tag","embeddable":true,"href":"https:\/\/instajuridic.com\/es\/wp-json\/wp\/v2\/tags?post=7162"}],"curies":[{"name":"wp","href":"https:\/\/api.w.org\/{rel}","templated":true}]}}