{"id":7309,"date":"2025-10-31T09:55:41","date_gmt":"2025-10-31T09:55:41","guid":{"rendered":"https:\/\/instajuridic.com\/2025\/10\/31\/jornades-formatives-com-facilitem-el-dialeg-ambiental-eines-practiques-i-habilitats-comunicatives\/"},"modified":"2025-10-31T09:55:41","modified_gmt":"2025-10-31T09:55:41","slug":"jornades-formatives-com-facilitem-el-dialeg-ambiental-eines-practiques-i-habilitats-comunicatives","status":"publish","type":"post","link":"https:\/\/instajuridic.com\/es\/2025\/10\/31\/jornades-formatives-com-facilitem-el-dialeg-ambiental-eines-practiques-i-habilitats-comunicatives\/","title":{"rendered":"Jornadas formativas: \u00ab\u00bfC\u00f3mo facilitamos el Di\u00e1logo ambiental? Herramientas pr\u00e1cticas y habilidades comunicativas\u00bb"},"content":{"rendered":"<p>En el marco de nuestro proyecto en curso \u00abDi\u00e1logo ambiental para el futuro de todas\u00bb (financiado por la Generalitat de Catalunya, Convocatoria Proyectos Singulares 2023), organizaremos las Jornadas Formativas \u00ab\u00bfC\u00f3mo facilitamos el Di\u00e1logo ambiental? Herramientas pr\u00e1cticas y habilidades comunicativas\u00bb, con el objetivo de ofrecer una perspectiva amplia sobre diferentes herramientas y t\u00e9cnicas b\u00e1sicas para promover el di\u00e1logo\u2026 para facilitar su gesti\u00f3n con \u00e9xito y de forma positiva.<\/p>\n<p>Estas jornadas, que cuentan con la colaboraci\u00f3n de la Red para la Conservaci\u00f3n de la Naturaleza (XCN), se celebrar\u00e1n en <strong>formato presencial<\/strong> los d\u00edas <strong>15 y 22 de abril de 2024<\/strong> (en horario de 9:30 a 14:00h) en el <a href=\"https:\/\/maps.app.goo.gl\/oSME27bY6ukX2iQy9\">Casal de Barrio Pou de la Figuera<\/a> , ubicado en el Barcelona. Ambas sesiones ser\u00e1n facilitadas por Aid\u00e0 Almirall Serra y Lola Montejo Cunilleras de T\u00e9sera Mediaci\u00f3n. <\/p>\n<p>La actividad formativa es <strong>gratuita<\/strong> , pero es imprescindible registrarse previamente rellenando el siguiente formulario:  <\/p>\n<p><strong>Las plazas son limitadas<\/strong> y se adjudicar\u00e1n por orden de inscripci\u00f3n.<\/p>\n<p>&nbsp;<\/p>\n<p><strong><span style=\"text-decoration: underline;\">Contenido de las jornadas<\/span> <\/strong><\/p>\n<p><strong><em>D\u00eda 1: \u00bfD\u00f3nde podemos utilizar el di\u00e1logo ambiental?<\/em><\/strong><\/p>\n<p>&#8211; Conflictos (caracter\u00edsticas, el impacto de los conflictos interpersonales en las organizaciones. din\u00e1micas interpersonales: escalada y desescalada, diferentes formas de abordaje <\/p>\n<p>&#8211; An\u00e1lisis de los conflictos ambientados (multicausales, multipartes, territorios) Antecedentes, relaciones, din\u00e1micas y posibles escenarios con el fin de identificar oportunidades.<\/p>\n<p>&#8211; Dise\u00f1o de conversaciones eficaces: condiciones por di\u00e1logos sostenibles en procesos participativos, tablas de di\u00e1logo, etc.<\/p>\n<p>&#8211; Espacios para compartir situaciones reales y pr\u00e1ctica<\/p>\n<p><strong><em> <\/em><\/strong><\/p>\n<p><strong><em>D\u00eda 2: Herramientas y habilidades<\/em><\/strong><\/p>\n<p>&#8211; Componentes de la comunicaci\u00f3n: lenguaje, emocionalidad y corporalidad.<\/p>\n<p>&#8211; Entrenar competencias comunicativas para el dise\u00f1o de conversaciones eficaces que se encaminen a la colaboraci\u00f3n y al acuerdo<\/p>\n<p>&#8211; Comunicaci\u00f3n no violenta (CNV). Premisas, la escucha emp\u00e1tica, los juicios y el modelo de comunicaci\u00f3n: observaci\u00f3n de los hechos, sentimientos, necesidades y peticiones <\/p>\n<p>&#8211; La confianza. El c\u00edrculo del acuerdo y c\u00f3mo hacerlo de forma sostenible. <\/p>\n<p>&#8211; Espacios para compartir situaciones reales y pr\u00e1ctica<\/p>\n<p>&nbsp;<\/p>\n<p>\u00a1Os esperamos!<\/p>\n","protected":false},"excerpt":{"rendered":"<p>En el marco de nuestro proyecto en curso \u00abDi\u00e1logo ambiental para el futuro de todas\u00bb (financiado por la Generalitat de Catalunya, Convocatoria Proyectos Singulares 2023), organizaremos las Jornadas Formativas \u00ab\u00bfC\u00f3mo facilitamos el Di\u00e1logo ambiental? Herramientas pr\u00e1cticas y habilidades comunicativas\u00bb, con el objetivo de ofrecer una perspectiva amplia sobre diferentes herramientas y t\u00e9cnicas b\u00e1sicas para promover  [&#8230;]<\/p>\n","protected":false},"author":2,"featured_media":5209,"comment_status":"open","ping_status":"open","sticky":false,"template":"","format":"standard","meta":{"_acf_changed":false,"footnotes":""},"categories":[199,112,226],"tags":[],"class_list":["post-7309","post","type-post","status-publish","format-standard","has-post-thumbnail","hentry","category-dialogo-ambiental","category-noticias","category-proyecto-singulares"],"acf":[],"_links":{"self":[{"href":"https:\/\/instajuridic.com\/es\/wp-json\/wp\/v2\/posts\/7309","targetHints":{"allow":["GET"]}}],"collection":[{"href":"https:\/\/instajuridic.com\/es\/wp-json\/wp\/v2\/posts"}],"about":[{"href":"https:\/\/instajuridic.com\/es\/wp-json\/wp\/v2\/types\/post"}],"author":[{"embeddable":true,"href":"https:\/\/instajuridic.com\/es\/wp-json\/wp\/v2\/users\/2"}],"replies":[{"embeddable":true,"href":"https:\/\/instajuridic.com\/es\/wp-json\/wp\/v2\/comments?post=7309"}],"version-history":[{"count":0,"href":"https:\/\/instajuridic.com\/es\/wp-json\/wp\/v2\/posts\/7309\/revisions"}],"wp:featuredmedia":[{"embeddable":true,"href":"https:\/\/instajuridic.com\/es\/wp-json\/wp\/v2\/media\/5209"}],"wp:attachment":[{"href":"https:\/\/instajuridic.com\/es\/wp-json\/wp\/v2\/media?parent=7309"}],"wp:term":[{"taxonomy":"category","embeddable":true,"href":"https:\/\/instajuridic.com\/es\/wp-json\/wp\/v2\/categories?post=7309"},{"taxonomy":"post_tag","embeddable":true,"href":"https:\/\/instajuridic.com\/es\/wp-json\/wp\/v2\/tags?post=7309"}],"curies":[{"name":"wp","href":"https:\/\/api.w.org\/{rel}","templated":true}]}}