{"id":7864,"date":"2026-01-07T08:05:53","date_gmt":"2026-01-07T08:05:53","guid":{"rendered":"https:\/\/instajuridic.com\/2026\/01\/07\/el-tribunal-suprem-dicta-sentencia-sobre-els-carregadors-de-vehicles-electrics-en-garatges-comunitaris\/"},"modified":"2026-01-07T08:05:53","modified_gmt":"2026-01-07T08:05:53","slug":"el-tribunal-suprem-dicta-sentencia-sobre-els-carregadors-de-vehicles-electrics-en-garatges-comunitaris","status":"publish","type":"post","link":"https:\/\/instajuridic.com\/es\/2026\/01\/07\/el-tribunal-suprem-dicta-sentencia-sobre-els-carregadors-de-vehicles-electrics-en-garatges-comunitaris\/","title":{"rendered":"El Tribunal Supremo dicta sentencia sobre los cargadores de veh\u00edculos el\u00e9ctricos en garajes comunitarios"},"content":{"rendered":"<p>La Sala Primera del Tribunal Supremo, en la sentencia 1745\/2025, de 1 de diciembre (ROJ STS 5363\/2025), ha resuelto un <strong>litigio entre un propietario y su<\/strong> <strong>comunidad vecinal<\/strong> <strong>por la<\/strong> instalaci\u00f3n de un <strong>punto de recarga<\/strong> en una plaza individual. El procedimiento proven\u00eda de una <strong>impugnaci\u00f3n de un acuerdo<\/strong> <strong>de junta que exig\u00eda retirar la instalaci\u00f3n<\/strong> . <\/p>\n<p>El juzgado de primera instancia desestim\u00f3 la demanda del propietario, la Audiencia Provincial estim\u00f3 su apelaci\u00f3n y el Supremo ha desestimado el recurso de casaci\u00f3n de la comunidad, confirmando el criterio favorable al vecino.<\/p>\n<p>La clave est\u00e1 en el <strong>art\u00edculo 17.5 de la Ley de Propiedad Horizontal<\/strong> , que regula expresamente este supuesto. La instalaci\u00f3n de un punto de recarga para uso privado en el aparcamiento del edificio, si se ubica en una plaza individual, <strong>\u201c<\/strong> <strong>s\u00f3lo requerir\u00e1 la comunicaci\u00f3n previa a la comunidad<\/strong> <strong>\u201d y el coste y el consumo se asumen \u00edntegramente por la persona interesada<\/strong> . <\/p>\n<p>Seg\u00fan el propio Tribunal Supremo, <strong>esta comunicaci\u00f3n previa tambi\u00e9n es suficiente, aunque el cableado discurra total o parcialmente por<\/strong> <strong>elementos comunes<\/strong> o deba quedar sujeto, <strong>sin necesidad de autorizaci\u00f3n comunitaria, salvo que exista una<\/strong> <strong>afectaci\u00f3n innecesaria o desproporcionada<\/strong> de estos elementos o un perjuicio para otras personas copropietarias.<\/p>\n","protected":false},"excerpt":{"rendered":"<p>La Sala Primera del Tribunal Supremo, en la sentencia 1745\/2025, de 1 de diciembre (ROJ STS 5363\/2025), ha resuelto un litigio entre un propietario y su comunidad vecinal por la instalaci\u00f3n de un punto de recarga en una plaza individual. El procedimiento proven\u00eda de una impugnaci\u00f3n de un acuerdo de junta que exig\u00eda retirar la  [&#8230;]<\/p>\n","protected":false},"author":2,"featured_media":7865,"comment_status":"closed","ping_status":"open","sticky":false,"template":"","format":"standard","meta":{"_acf_changed":false,"footnotes":""},"categories":[207,112],"tags":[],"class_list":["post-7864","post","type-post","status-publish","format-standard","has-post-thumbnail","hentry","category-energias-renovables","category-noticias"],"acf":[],"_links":{"self":[{"href":"https:\/\/instajuridic.com\/es\/wp-json\/wp\/v2\/posts\/7864","targetHints":{"allow":["GET"]}}],"collection":[{"href":"https:\/\/instajuridic.com\/es\/wp-json\/wp\/v2\/posts"}],"about":[{"href":"https:\/\/instajuridic.com\/es\/wp-json\/wp\/v2\/types\/post"}],"author":[{"embeddable":true,"href":"https:\/\/instajuridic.com\/es\/wp-json\/wp\/v2\/users\/2"}],"replies":[{"embeddable":true,"href":"https:\/\/instajuridic.com\/es\/wp-json\/wp\/v2\/comments?post=7864"}],"version-history":[{"count":0,"href":"https:\/\/instajuridic.com\/es\/wp-json\/wp\/v2\/posts\/7864\/revisions"}],"wp:featuredmedia":[{"embeddable":true,"href":"https:\/\/instajuridic.com\/es\/wp-json\/wp\/v2\/media\/7865"}],"wp:attachment":[{"href":"https:\/\/instajuridic.com\/es\/wp-json\/wp\/v2\/media?parent=7864"}],"wp:term":[{"taxonomy":"category","embeddable":true,"href":"https:\/\/instajuridic.com\/es\/wp-json\/wp\/v2\/categories?post=7864"},{"taxonomy":"post_tag","embeddable":true,"href":"https:\/\/instajuridic.com\/es\/wp-json\/wp\/v2\/tags?post=7864"}],"curies":[{"name":"wp","href":"https:\/\/api.w.org\/{rel}","templated":true}]}}