{"id":3807,"date":"2021-04-19T18:43:14","date_gmt":"2021-04-19T18:43:14","guid":{"rendered":"https:\/\/instajuridic.com\/2021\/04\/19\/exhorte-a-participer-au-cours-de-mise-a-jour-sur-les-reglementations-et-la-gestion-de-lenvironnement\/"},"modified":"2021-04-19T18:43:14","modified_gmt":"2021-04-19T18:43:14","slug":"exhorte-a-participer-au-cours-de-mise-a-jour-sur-les-reglementations-et-la-gestion-de-lenvironnement","status":"publish","type":"post","link":"https:\/\/instajuridic.com\/fr\/2021\/04\/19\/exhorte-a-participer-au-cours-de-mise-a-jour-sur-les-reglementations-et-la-gestion-de-lenvironnement\/","title":{"rendered":"L&rsquo;INSTA participe au cours de recyclage sur la r\u00e9glementation environnementale et la gestion dans l&rsquo;administration"},"content":{"rendered":"<div><img decoding=\"async\" class=\"alignleft\" title=\"logo ccb\" src=\"http:\/\/www.moixerosoftware.com\/image\/image_gallery?uuid=22b3d7f3-a12b-46f6-ba08-509dc58ac062&amp;groupId=10136&amp;t=1269374623009\" alt=\"\" width=\"175\" height=\"125\">Le but du cours, organis\u00e9 par le Conseil D\u00e9partemental de Bages, la Diputaci\u00f3 de Barcelona et la COAMB, \u00e9tait de mettre \u00e0 jour les connaissances de l&rsquo;environnement du personnel au service de l&rsquo;administration locale et s&rsquo;adresse en particulier aux techniciens municipaux travaillant dans ce domaine. secteur.<\/div>\n<div>\n<p>Le cours visait \u00e0 rendre compte des r\u00e9glementations les plus r\u00e9centes approuv\u00e9es dans les diff\u00e9rents domaines de la gestion environnementale applicables aux municipalit\u00e9s et \u00e0 pr\u00e9senter des applications pratiques et des outils pour leur pratique professionnelle.<\/p>\n<\/div>\n<p>Jordi Record\u00e0, partenaire de l&rsquo;INSTA, a particip\u00e9 au cours avec une pr\u00e9sentation sur la responsabilit\u00e9 environnementale des techniciens municipaux.<\/p>\n","protected":false},"excerpt":{"rendered":"<p>L&rsquo;INSTA a propos\u00e9 un article sur la responsabilit\u00e9 environnementale des techniciens municipaux.<\/p>\n","protected":false},"author":1,"featured_media":0,"comment_status":"open","ping_status":"open","sticky":false,"template":"","format":"standard","meta":{"_acf_changed":false,"footnotes":""},"categories":[130,132],"tags":[],"class_list":["post-3807","post","type-post","status-publish","format-standard","hentry","category-formation-fr","category-nouvelles"],"acf":[],"_links":{"self":[{"href":"https:\/\/instajuridic.com\/fr\/wp-json\/wp\/v2\/posts\/3807","targetHints":{"allow":["GET"]}}],"collection":[{"href":"https:\/\/instajuridic.com\/fr\/wp-json\/wp\/v2\/posts"}],"about":[{"href":"https:\/\/instajuridic.com\/fr\/wp-json\/wp\/v2\/types\/post"}],"author":[{"embeddable":true,"href":"https:\/\/instajuridic.com\/fr\/wp-json\/wp\/v2\/users\/1"}],"replies":[{"embeddable":true,"href":"https:\/\/instajuridic.com\/fr\/wp-json\/wp\/v2\/comments?post=3807"}],"version-history":[{"count":0,"href":"https:\/\/instajuridic.com\/fr\/wp-json\/wp\/v2\/posts\/3807\/revisions"}],"wp:attachment":[{"href":"https:\/\/instajuridic.com\/fr\/wp-json\/wp\/v2\/media?parent=3807"}],"wp:term":[{"taxonomy":"category","embeddable":true,"href":"https:\/\/instajuridic.com\/fr\/wp-json\/wp\/v2\/categories?post=3807"},{"taxonomy":"post_tag","embeddable":true,"href":"https:\/\/instajuridic.com\/fr\/wp-json\/wp\/v2\/tags?post=3807"}],"curies":[{"name":"wp","href":"https:\/\/api.w.org\/{rel}","templated":true}]}}