{"id":7198,"date":"2025-10-28T08:45:28","date_gmt":"2025-10-28T08:45:28","guid":{"rendered":"https:\/\/instajuridic.com\/2025\/10\/28\/insta-organiza-un-curso-sobre-como-combatir-la-vulnerabilidad-energetica-a-traves-de-las-comunidades-energeticas\/"},"modified":"2025-10-28T08:45:28","modified_gmt":"2025-10-28T08:45:28","slug":"insta-organiza-un-curso-sobre-como-combatir-la-vulnerabilidad-energetica-a-traves-de-las-comunidades-energeticas","status":"publish","type":"post","link":"https:\/\/instajuridic.com\/fr\/2025\/10\/28\/insta-organiza-un-curso-sobre-como-combatir-la-vulnerabilidad-energetica-a-traves-de-las-comunidades-energeticas\/","title":{"rendered":"L&rsquo;INSTA organise un cours sur la lutte contre la vuln\u00e9rabilit\u00e9 \u00e9nerg\u00e9tique par le biais des communaut\u00e9s \u00e9nerg\u00e9tiques"},"content":{"rendered":"<p>Les 20 et 21 juin, La Canonja accueillera un cours de formation sur la lutte contre la vuln\u00e9rabilit\u00e9 \u00e9nerg\u00e9tique \u00e0 travers les communaut\u00e9s \u00e9nerg\u00e9tiques. Ce cours fait partie du projet <a href=\"https:\/\/elcableenergia.cat\/\">El Cable<\/a>, un projet que l&rsquo;INSTA d\u00e9veloppe depuis 2022 et qui vise \u00e0 renforcer le lien entre les communaut\u00e9s \u00e9nerg\u00e9tiques et la vuln\u00e9rabilit\u00e9. <\/p>\n<p>Pendant les deux jours du cours, des experts du secteur du conseil, de l&rsquo;activisme, de la politique, etc. feront des pr\u00e9sentations. La conf\u00e9rence servira \u00e9galement de cadre \u00e0 la pr\u00e9sentation des r\u00e9sultats du projet <a href=\"https:\/\/elcableenergia.cat\/\">El Cable<\/a>, et plus particuli\u00e8rement \u00e0 la pr\u00e9sentation du guide qui a \u00e9t\u00e9 \u00e9labor\u00e9 au cours des derniers mois. Le programme complet peut \u00eatre consult\u00e9 <a href=\"https:\/\/elcableenergia.cat\/wp-content\/uploads\/2023\/05\/elcable-jornada-CELS.pdf\">ici.<\/a>  <\/p>\n<p>Les sessions auront lieu \u00e0 l&rsquo;<a href=\"https:\/\/goo.gl\/maps\/xx7CEZCDScsJGT4r8?coh=178573&amp;entry=tt\">Edificio \u00c9poca<\/a> \u00e0 La Canonja, mais elles pourront \u00e9galement \u00eatre suivies en direct sur la cha\u00eene YouTube de l&rsquo;INSTA. L&rsquo;inscription est gratuite via le <a href=\"https:\/\/docs.google.com\/forms\/d\/e\/1FAIpQLSfFlI6zy5SMFhbegIOrfiBB8_-oyHJPbEFvlzb_7i_VQgWTBg\/viewform\">lien<\/a> suivant. <\/p>\n<p>La conf\u00e9rence et le projet sont pilot\u00e9s par l&rsquo;INSTA, promus par la direction g\u00e9n\u00e9rale de l&rsquo;\u00e9conomie sociale du d\u00e9partement du travail de la Generalitat de Catalunya, et financ\u00e9s par le minist\u00e8re du travail et des affaires sociales.<\/p>\n<p><img decoding=\"async\" class=\"aligncenter wp-image-4673 \" src=\"https:\/\/instajuridic.com\/wp-content\/uploads\/2023\/05\/elccable-jornada-1-1024x1024.jpg\" alt=\"\" width=\"461\" height=\"461\" srcset=\"https:\/\/instajuridic.com\/wp-content\/uploads\/2023\/05\/elccable-jornada-1-66x66.jpg 66w, https:\/\/instajuridic.com\/wp-content\/uploads\/2023\/05\/elccable-jornada-1-150x150.jpg 150w, https:\/\/instajuridic.com\/wp-content\/uploads\/2023\/05\/elccable-jornada-1-200x200.jpg 200w, https:\/\/instajuridic.com\/wp-content\/uploads\/2023\/05\/elccable-jornada-1-300x300.jpg 300w, https:\/\/instajuridic.com\/wp-content\/uploads\/2023\/05\/elccable-jornada-1-400x400.jpg 400w, https:\/\/instajuridic.com\/wp-content\/uploads\/2023\/05\/elccable-jornada-1-600x600.jpg 600w, https:\/\/instajuridic.com\/wp-content\/uploads\/2023\/05\/elccable-jornada-1-768x768.jpg 768w, https:\/\/instajuridic.com\/wp-content\/uploads\/2023\/05\/elccable-jornada-1-800x800.jpg 800w, https:\/\/instajuridic.com\/wp-content\/uploads\/2023\/05\/elccable-jornada-1-1024x1024.jpg 1024w, https:\/\/instajuridic.com\/wp-content\/uploads\/2023\/05\/elccable-jornada-1-1200x1200.jpg 1200w, https:\/\/instajuridic.com\/wp-content\/uploads\/2023\/05\/elccable-jornada-1-1536x1536.jpg 1536w, https:\/\/instajuridic.com\/wp-content\/uploads\/2023\/05\/elccable-jornada-1.jpg 1755w\" sizes=\"(max-width: 461px) 100vw, 461px\" \/><\/p>\n","protected":false},"excerpt":{"rendered":"<p>Les 20 et 21 juin, La Canonja accueillera un cours de formation sur la lutte contre la vuln\u00e9rabilit\u00e9 \u00e9nerg\u00e9tique \u00e0 travers les communaut\u00e9s \u00e9nerg\u00e9tiques. Ce cours fait partie du projet El Cable, un projet que l&rsquo;INSTA d\u00e9veloppe depuis 2022 et qui vise \u00e0 renforcer le lien entre les communaut\u00e9s \u00e9nerg\u00e9tiques et la vuln\u00e9rabilit\u00e9. Pendant les  [&#8230;]<\/p>\n","protected":false},"author":2,"featured_media":4675,"comment_status":"open","ping_status":"open","sticky":false,"template":"","format":"standard","meta":{"_acf_changed":false,"footnotes":""},"categories":[209,93,132],"tags":[],"class_list":["post-7198","post","type-post","status-publish","format-standard","has-post-thumbnail","hentry","category-energies-renouvelables","category-non-classifiee","category-nouvelles"],"acf":[],"_links":{"self":[{"href":"https:\/\/instajuridic.com\/fr\/wp-json\/wp\/v2\/posts\/7198","targetHints":{"allow":["GET"]}}],"collection":[{"href":"https:\/\/instajuridic.com\/fr\/wp-json\/wp\/v2\/posts"}],"about":[{"href":"https:\/\/instajuridic.com\/fr\/wp-json\/wp\/v2\/types\/post"}],"author":[{"embeddable":true,"href":"https:\/\/instajuridic.com\/fr\/wp-json\/wp\/v2\/users\/2"}],"replies":[{"embeddable":true,"href":"https:\/\/instajuridic.com\/fr\/wp-json\/wp\/v2\/comments?post=7198"}],"version-history":[{"count":0,"href":"https:\/\/instajuridic.com\/fr\/wp-json\/wp\/v2\/posts\/7198\/revisions"}],"wp:featuredmedia":[{"embeddable":true,"href":"https:\/\/instajuridic.com\/fr\/wp-json\/wp\/v2\/media\/4675"}],"wp:attachment":[{"href":"https:\/\/instajuridic.com\/fr\/wp-json\/wp\/v2\/media?parent=7198"}],"wp:term":[{"taxonomy":"category","embeddable":true,"href":"https:\/\/instajuridic.com\/fr\/wp-json\/wp\/v2\/categories?post=7198"},{"taxonomy":"post_tag","embeddable":true,"href":"https:\/\/instajuridic.com\/fr\/wp-json\/wp\/v2\/tags?post=7198"}],"curies":[{"name":"wp","href":"https:\/\/api.w.org\/{rel}","templated":true}]}}